{"id":5733,"date":"2023-12-10T19:00:00","date_gmt":"2023-12-10T18:00:00","guid":{"rendered":"https:\/\/m-pet.de\/?p=5733"},"modified":"2024-03-11T21:21:01","modified_gmt":"2024-03-11T20:21:01","slug":"gesetz-zur-aenderung-des-nrettdg-2-gemeinde-notfallsanitaeter","status":"publish","type":"post","link":"https:\/\/m-pet.de\/?p=5733","title":{"rendered":"Gesetz zur \u00c4nderung des NRettDG &#8211; 2 &#8211; Gemeinde Notfallsanit\u00e4ter"},"content":{"rendered":"\n<p>Die CDU-Fraktion im Nieders\u00e4chsischen Landtag hat am 05.09.2023 eine weitere \u00c4nderung des NRettDG vorgeschlagen. Nach diesem Entwurf sollen die \u00a7\u00a7 2, 9 und 10 des NRettDG angepasst werden. Es soll, wie der Entschlie\u00dflungsantrag aus der letzten Legislaturperiode vorsieht, der Gemeindenotfallsanit\u00e4ter fl\u00e4chendeckend eingef\u00fchrt werden.  <\/p>\n\n\n\n<p>Der Gesetzesentwurf der CDU Fraktion vom 05.09.2023 (<a href=\"https:\/\/www.landtag-niedersachsen.de\/Drucksachen\/Drucksachen_19_02500\/02001-02500\/19-02219.pdf\" data-type=\"link\" data-id=\"https:\/\/www.landtag-niedersachsen.de\/Drucksachen\/Drucksachen_19_02500\/02001-02500\/19-02219.pdf\" target=\"_blank\" rel=\"noreferrer noopener\">Drucksache 19\/2219<\/a> neu). Die erste Beratung mit durchaus positiven Stimmen der Regierungsfraktionen erfolgte am 13.09.2023 (<a href=\"https:\/\/www.landtag-niedersachsen.de\/parlamentsdokumente\/steno\/19_wp\/endber019.pdf#page=66\" data-type=\"link\" data-id=\"https:\/\/www.landtag-niedersachsen.de\/parlamentsdokumente\/steno\/19_wp\/endber019.pdf#page=66\" target=\"_blank\" rel=\"noreferrer noopener\">Plenarprotokoll 19\/19<\/a>). Allerdings sehen Teile der Redner noch Konkretisierungsbedarf u.a. im Hinblick auf die Finanzierung, da sie der Ansicht sind, dass auch die Kassen\u00e4rztliche Vereinigung hieran zu beteiligen sind, die im Entwurf getroffenen Festlegungen aber noch weiter diskutiert werden sollen. Weiterhin sieht eine Fraktion noch \u00c4nderungsbedarf auf Bundesebene. <\/p>\n\n\n\n<p>Der Gesetzentwurf wurde an den  Ausschuss f\u00fcr Inneres und Sport (federf\u00fchrend), Ausschuss f\u00fcr Rechts- und Verfassungsfragen, Ausschuss f\u00fcr Soziales, Arbeit, Gesundheit und Gleichstellung \u00fcberwiesen. <\/p>\n\n\n\n<p>Dieser Gesetzentwurf soll zusammen mit dem Entwurf der Regierungsfraktionen (Drucksache 19\/2742) am 18.01.2024 im Innenausschuss behandelt werden. <\/p>\n","protected":false},"excerpt":{"rendered":"<p>Die CDU-Fraktion im Nieders\u00e4chsischen Landtag hat am 05.09.2023 eine weitere \u00c4nderung des NRettDG vorgeschlagen. Nach diesem Entwurf sollen die \u00a7\u00a7 2, 9 und 10 des NRettDG angepasst werden. Es soll, wie der Entschlie\u00dflungsantrag aus der letzten Legislaturperiode vorsieht, der Gemeindenotfallsanit\u00e4ter fl\u00e4chendeckend eingef\u00fchrt werden. Der Gesetzesentwurf der CDU Fraktion vom 05.09.2023 (Drucksache 19\/2219 neu). Die erste<\/p><\/div>\n<div class=\"blog-btn\"><a href=\"https:\/\/m-pet.de\/?p=5733\" class=\"home-blog-btn\">Weiterlesen<\/a><\/p>\n","protected":false},"author":1,"featured_media":0,"comment_status":"closed","ping_status":"open","sticky":false,"template":"","format":"standard","meta":{"footnotes":""},"categories":[6,5],"tags":[95,134,92,22,18],"class_list":["post-5733","post","type-post","status-publish","format-standard","hentry","category-aktuelles-2","category-allgemeines","tag-gemeinde-notfallsanitaeter","tag-gnotsan","tag-niedersachsen","tag-notfallsanitaeter","tag-nrettdg"],"_links":{"self":[{"href":"https:\/\/m-pet.de\/index.php?rest_route=\/wp\/v2\/posts\/5733","targetHints":{"allow":["GET"]}}],"collection":[{"href":"https:\/\/m-pet.de\/index.php?rest_route=\/wp\/v2\/posts"}],"about":[{"href":"https:\/\/m-pet.de\/index.php?rest_route=\/wp\/v2\/types\/post"}],"author":[{"embeddable":true,"href":"https:\/\/m-pet.de\/index.php?rest_route=\/wp\/v2\/users\/1"}],"replies":[{"embeddable":true,"href":"https:\/\/m-pet.de\/index.php?rest_route=%2Fwp%2Fv2%2Fcomments&post=5733"}],"version-history":[{"count":0,"href":"https:\/\/m-pet.de\/index.php?rest_route=\/wp\/v2\/posts\/5733\/revisions"}],"wp:attachment":[{"href":"https:\/\/m-pet.de\/index.php?rest_route=%2Fwp%2Fv2%2Fmedia&parent=5733"}],"wp:term":[{"taxonomy":"category","embeddable":true,"href":"https:\/\/m-pet.de\/index.php?rest_route=%2Fwp%2Fv2%2Fcategories&post=5733"},{"taxonomy":"post_tag","embeddable":true,"href":"https:\/\/m-pet.de\/index.php?rest_route=%2Fwp%2Fv2%2Ftags&post=5733"}],"curies":[{"name":"wp","href":"https:\/\/api.w.org\/{rel}","templated":true}]}}