{"id":348,"date":"2016-12-05T20:33:56","date_gmt":"2016-12-05T20:33:56","guid":{"rendered":"http:\/\/m-pet.de\/?p=348"},"modified":"2017-04-06T16:32:21","modified_gmt":"2017-04-06T16:32:21","slug":"seminar-bedarfsplanung-im-rettungsdienst","status":"publish","type":"post","link":"https:\/\/m-pet.de\/?p=348","title":{"rendered":"Seminar &#8222;Bedarfsplanung im Rettungsdienst&#8220;"},"content":{"rendered":"<p><a href=\"https:\/\/m-pet.de\/wp-content\/uploads\/2016\/07\/Termine-e1468443991282.jpg\"><img loading=\"lazy\" decoding=\"async\" class=\"alignleft size-full wp-image-146\" src=\"https:\/\/m-pet.de\/wp-content\/uploads\/2016\/07\/Termine-e1468443991282.jpg\" alt=\"Termine\" width=\"150\" height=\"56\" \/><\/a>Beim <a href=\"http:\/\/www.nsi-hsvn.de\" target=\"_blank\" rel=\"noopener noreferrer\">Nieders\u00e4chsischen Studieninstitut<\/a> f\u00fcr kommunale Verwaltung e.V. findet im 1.Halbjahr 2017 erneut ein Seminar zum Thema &#8222;Bedarfsplanung im Rettungsdienst&#8220; statt.<\/p>\n<p><strong>Zielgruppe:<\/strong><\/p>\n<ul>\n<li>Mitarbeiter\/innen des kommunalen Aufgabentr\u00e4gers<\/li>\n<li>kommunale F\u00fchrungskr\u00e4fte, die mit entsprechenden Kostenverhandlungen vertraut sind<\/li>\n<\/ul>\n<p>Weitere Details zur\u00a0Veranstaltung finden Sie <strong>hier<\/strong>.<\/p>\n<p><strong>Anmeldung\u00a0Nieders\u00e4chsisches Studieninstitut<\/strong><\/p>\n","protected":false},"excerpt":{"rendered":"<p>Beim Nieders\u00e4chsischen Studieninstitut f\u00fcr kommunale Verwaltung e.V. findet im 1.Halbjahr 2017 erneut ein Seminar zum Thema &#8222;Bedarfsplanung im Rettungsdienst&#8220; statt. Zielgruppe: Mitarbeiter\/innen des kommunalen Aufgabentr\u00e4gers kommunale F\u00fchrungskr\u00e4fte, die mit entsprechenden Kostenverhandlungen vertraut sind Weitere Details zur\u00a0Veranstaltung finden Sie hier. Anmeldung\u00a0Nieders\u00e4chsisches Studieninstitut<\/p>\n","protected":false},"author":1,"featured_media":0,"comment_status":"closed","ping_status":"closed","sticky":false,"template":"","format":"standard","meta":{"footnotes":""},"categories":[1],"tags":[7,56,55,54],"class_list":["post-348","post","type-post","status-publish","format-standard","hentry","category-termine","tag-fortbildung","tag-kommunale-verwaltung","tag-nsi","tag-termin"],"_links":{"self":[{"href":"https:\/\/m-pet.de\/index.php?rest_route=\/wp\/v2\/posts\/348","targetHints":{"allow":["GET"]}}],"collection":[{"href":"https:\/\/m-pet.de\/index.php?rest_route=\/wp\/v2\/posts"}],"about":[{"href":"https:\/\/m-pet.de\/index.php?rest_route=\/wp\/v2\/types\/post"}],"author":[{"embeddable":true,"href":"https:\/\/m-pet.de\/index.php?rest_route=\/wp\/v2\/users\/1"}],"replies":[{"embeddable":true,"href":"https:\/\/m-pet.de\/index.php?rest_route=%2Fwp%2Fv2%2Fcomments&post=348"}],"version-history":[{"count":0,"href":"https:\/\/m-pet.de\/index.php?rest_route=\/wp\/v2\/posts\/348\/revisions"}],"wp:attachment":[{"href":"https:\/\/m-pet.de\/index.php?rest_route=%2Fwp%2Fv2%2Fmedia&parent=348"}],"wp:term":[{"taxonomy":"category","embeddable":true,"href":"https:\/\/m-pet.de\/index.php?rest_route=%2Fwp%2Fv2%2Fcategories&post=348"},{"taxonomy":"post_tag","embeddable":true,"href":"https:\/\/m-pet.de\/index.php?rest_route=%2Fwp%2Fv2%2Ftags&post=348"}],"curies":[{"name":"wp","href":"https:\/\/api.w.org\/{rel}","templated":true}]}}