{"id":2938,"date":"2021-07-15T22:00:00","date_gmt":"2021-07-15T20:00:00","guid":{"rendered":"https:\/\/m-pet.de\/?p=2938"},"modified":"2021-07-22T14:55:07","modified_gmt":"2021-07-22T12:55:07","slug":"neues-aus-niedersachsen-zu-covid19","status":"publish","type":"post","link":"https:\/\/m-pet.de\/?p=2938","title":{"rendered":"Neues aus Niedersachsen zu Covid19"},"content":{"rendered":"\n<p>Die Landesregierung hat erneute \u00c4nderungen an der Corona Verordnung vorgenommen und weitere \u00c4nderungen angek\u00fcndigt. Es geht immer alles sehr schnell. <\/p>\n\n\n\n<div class=\"wp-block-image\"><figure class=\"aligncenter size-large\"><img loading=\"lazy\" decoding=\"async\" width=\"120\" height=\"120\" src=\"https:\/\/m-pet.de\/wp-content\/uploads\/2020\/04\/120px-Emblem-section.svg_.png\" alt=\"\" class=\"wp-image-2897\"\/><\/figure><\/div>\n\n\n\n<p>Die Lesefassung der aktuellen Verordnung mit farblichen Hervorhebungen finden Sie hier. <\/p>\n\n\n\n<p><\/p>\n\n\n\n<div class=\"wp-block-file\"><a href=\"https:\/\/m-pet.de\/wp-content\/uploads\/2020\/05\/2020-05-05_VO-mit-sichtbaren-Aenderungen.pdf\">Verordnung g\u00fcltig ab 06.05.2020<\/a><a href=\"https:\/\/m-pet.de\/wp-content\/uploads\/2020\/05\/2020-05-05_VO-mit-sichtbaren-Aenderungen.pdf\" class=\"wp-block-file__button\" download>Herunterladen<\/a><\/div>\n\n\n\n<p>Am 11.05.2020 soll bereits eine weitere Verordnung ver\u00f6ffentlicht werden, dann zeitlichen Komponenten, was wann und wie wieder an den Start geht. Erste Hinweise finden sich dazu in einer Matrix bzw. in einem Zeitstrahl, der durch die Landesregierung ver\u00f6ffentlicht wurde. <\/p>\n\n\n\n<p><\/p>\n\n\n\n<div class=\"wp-block-file\"><a href=\"https:\/\/m-pet.de\/wp-content\/uploads\/2020\/05\/2020-05-04_Neuer_Alltag_in_Niedersachsen_Anlage_1_Matrix.pdf\">Matrix vom 05.05.2020<\/a><a href=\"https:\/\/m-pet.de\/wp-content\/uploads\/2020\/05\/2020-05-04_Neuer_Alltag_in_Niedersachsen_Anlage_1_Matrix.pdf\" class=\"wp-block-file__button\" download>Herunterladen<\/a><\/div>\n\n\n\n<div class=\"wp-block-file\"><a href=\"https:\/\/m-pet.de\/wp-content\/uploads\/2020\/05\/20200505_Neuer_Alltag_in_Niedersachsen_-_Anlage_2_Zeitstrahl.pdf\">Zeitstrahl vom 05.05.2020<\/a><a href=\"https:\/\/m-pet.de\/wp-content\/uploads\/2020\/05\/20200505_Neuer_Alltag_in_Niedersachsen_-_Anlage_2_Zeitstrahl.pdf\" class=\"wp-block-file__button\" download>Herunterladen<\/a><\/div>\n","protected":false},"excerpt":{"rendered":"<p>Die Landesregierung hat erneute \u00c4nderungen an der Corona Verordnung vorgenommen und weitere \u00c4nderungen angek\u00fcndigt. Es geht immer alles sehr schnell. Die Lesefassung der aktuellen Verordnung mit farblichen Hervorhebungen finden Sie hier. Am 11.05.2020 soll bereits eine weitere Verordnung ver\u00f6ffentlicht werden, dann zeitlichen Komponenten, was wann und wie wieder an den Start geht. Erste Hinweise finden<\/p><\/div>\n<div class=\"blog-btn\"><a href=\"https:\/\/m-pet.de\/?p=2938\" class=\"home-blog-btn\">Weiterlesen<\/a><\/p>\n","protected":false},"author":1,"featured_media":0,"comment_status":"closed","ping_status":"closed","sticky":false,"template":"","format":"standard","meta":{"footnotes":""},"categories":[6,5],"tags":[114,115,92],"class_list":["post-2938","post","type-post","status-publish","format-standard","hentry","category-aktuelles-2","category-allgemeines","tag-corona","tag-covid19","tag-niedersachsen"],"_links":{"self":[{"href":"https:\/\/m-pet.de\/index.php?rest_route=\/wp\/v2\/posts\/2938","targetHints":{"allow":["GET"]}}],"collection":[{"href":"https:\/\/m-pet.de\/index.php?rest_route=\/wp\/v2\/posts"}],"about":[{"href":"https:\/\/m-pet.de\/index.php?rest_route=\/wp\/v2\/types\/post"}],"author":[{"embeddable":true,"href":"https:\/\/m-pet.de\/index.php?rest_route=\/wp\/v2\/users\/1"}],"replies":[{"embeddable":true,"href":"https:\/\/m-pet.de\/index.php?rest_route=%2Fwp%2Fv2%2Fcomments&post=2938"}],"version-history":[{"count":0,"href":"https:\/\/m-pet.de\/index.php?rest_route=\/wp\/v2\/posts\/2938\/revisions"}],"wp:attachment":[{"href":"https:\/\/m-pet.de\/index.php?rest_route=%2Fwp%2Fv2%2Fmedia&parent=2938"}],"wp:term":[{"taxonomy":"category","embeddable":true,"href":"https:\/\/m-pet.de\/index.php?rest_route=%2Fwp%2Fv2%2Fcategories&post=2938"},{"taxonomy":"post_tag","embeddable":true,"href":"https:\/\/m-pet.de\/index.php?rest_route=%2Fwp%2Fv2%2Ftags&post=2938"}],"curies":[{"name":"wp","href":"https:\/\/api.w.org\/{rel}","templated":true}]}}