{"id":2584,"date":"2019-10-13T22:00:11","date_gmt":"2019-10-13T20:00:11","guid":{"rendered":"https:\/\/m-pet.de\/?p=2584"},"modified":"2019-10-14T14:54:11","modified_gmt":"2019-10-14T12:54:11","slug":"niedersachsen-aktuell-10-2019","status":"publish","type":"post","link":"https:\/\/m-pet.de\/?p=2584","title":{"rendered":"Niedersachsen Aktuell        10-2019"},"content":{"rendered":"\n<p>In Niedersachsen haben sich in einige Entwicklungen ergeben, die nachfolgend dargestellt sind. <\/p>\n\n\n\n<p>Im Nieders\u00e4chsischen Ministerialblatt (<a aria-label=\"Nr. 37\/2019 (\u00f6ffnet in neuem Tab)\" href=\"https:\/\/m-pet.de\/wp-content\/uploads\/2019\/10\/nds_mbl_2019_37__Teil1.pdf\" target=\"_blank\" rel=\"noreferrer noopener\">Nr. 37\/2019<\/a> vom 25.09.2019) ist die Richtlinie f\u00fcr die Ermittlung der betriebswirtschaftlichen Gesamtkosten vollst\u00e4ndig neu ver\u00f6ffentlicht worden. Diese tritt mit Wirkung des 01.01.2020 in Kraft.<\/p>\n\n\n\n<p>Der Nieders\u00e4chsische Landtag hat sich in einer Unterrichtung aktuell am 24.09.2019 <a aria-label=\"(Drucksache 18\/4671) (\u00f6ffnet in neuem Tab)\" href=\"https:\/\/www.landtag-niedersachsen.de\/Drucksachen\/Drucksachen_18_05000\/04501-05000\/18-04671.pdf\" target=\"_blank\" rel=\"noreferrer noopener\">(Drucksache 18\/4671)<\/a> mit dem Thema Gewalt gegen kommunale Amts- und Mandatstr\u00e4ger, Rettungskr\u00e4ften und Ehrenamtlichen besch\u00e4ftigt. Bereits im Februar 2019 war das Thema im Landtag (Drs. <a aria-label=\"18\/3024 (\u00f6ffnet in neuem Tab)\" href=\"https:\/\/www.landtag-niedersachsen.de\/Drucksachen\/Drucksachen_18_05000\/03001-03500\/18-03024.pdf\" target=\"_blank\" rel=\"noreferrer noopener\">18\/3024<\/a> + <a aria-label=\"18\/2866 (\u00f6ffnet in neuem Tab)\" href=\"https:\/\/www.landtag-niedersachsen.de\/Drucksachen\/Drucksachen_18_05000\/02501-03000\/18-02866.pdf\" target=\"_blank\" rel=\"noreferrer noopener\">18\/2866<\/a>). <\/p>\n\n\n\n<p>Weiterhin wurde im Ministerialblatt <a aria-label=\"Nr. 35\/2019 (\u00f6ffnet in neuem Tab)\" href=\"https:\/\/m-pet.de\/wp-content\/uploads\/2019\/10\/nds_mbl_2019_35.pdf\" target=\"_blank\" rel=\"noreferrer noopener\">Nr. 35\/2019<\/a> vom 04.09.2019 der Runderlass zur Umsetzung des Kennzifferplans gem\u00e4\u00df \u00a7 10c NKatSG ver\u00f6ffentlicht. Das Thema Katastrophenschutz nahm in diesem Jahr einen <a aria-label=\"breiten Raum im Landtag (\u00f6ffnet in neuem Tab)\" href=\"https:\/\/www.nilas.niedersachsen.de\/starweb\/NILAS\/servlet.starweb?path=NILAS\/lisshfl.web&amp;id=nilaswebfastlink&amp;search=%28%28%28%281DES2%3d%28%22KATASTROPHENSCHUTZ%22%29+OR+fastw%2cdarts%2curhsup%2curpsup%2cdurpsup%3d%28%28%22katastrophenschutz%22%29%29%29%29+NOT+TYP%3dPSEUDOVORGANG%29+AND+NOT+%281SPER%2cSPER%3d%3f%2a%29%29+AND+WP%3d18&amp;format=WEBKURZDNRFL\" target=\"_blank\" rel=\"noreferrer noopener\">breiten Raum im Landtag<\/a> ein. Hintergrund ist die Neuregelung des Nieders\u00e4chsischen Katastrohenschutzgesetzes und die damit verbundenden Anpassungen des Verwaltungshandelns. <\/p>\n\n\n\n<p> <\/p>\n","protected":false},"excerpt":{"rendered":"<p>In Niedersachsen haben sich in einige Entwicklungen ergeben, die nachfolgend dargestellt sind. Im Nieders\u00e4chsischen Ministerialblatt (Nr. 37\/2019 vom 25.09.2019) ist die Richtlinie f\u00fcr die Ermittlung der betriebswirtschaftlichen Gesamtkosten vollst\u00e4ndig neu ver\u00f6ffentlicht worden. Diese tritt mit Wirkung des 01.01.2020 in Kraft. Der Nieders\u00e4chsische Landtag hat sich in einer Unterrichtung aktuell am 24.09.2019 (Drucksache 18\/4671) mit dem<\/p><\/div>\n<div class=\"blog-btn\"><a href=\"https:\/\/m-pet.de\/?p=2584\" class=\"home-blog-btn\">Weiterlesen<\/a><\/p>\n","protected":false},"author":1,"featured_media":0,"comment_status":"closed","ping_status":"closed","sticky":false,"template":"","format":"standard","meta":{"footnotes":""},"categories":[6,5],"tags":[58,91,106,44,57,92],"class_list":["post-2584","post","type-post","status-publish","format-standard","hentry","category-aktuelles-2","category-allgemeines","tag-landesausschuss","tag-landesausschuss-rettungsdienst","tag-landtag","tag-landtag-niedersachsen","tag-lard","tag-niedersachsen"],"_links":{"self":[{"href":"https:\/\/m-pet.de\/index.php?rest_route=\/wp\/v2\/posts\/2584","targetHints":{"allow":["GET"]}}],"collection":[{"href":"https:\/\/m-pet.de\/index.php?rest_route=\/wp\/v2\/posts"}],"about":[{"href":"https:\/\/m-pet.de\/index.php?rest_route=\/wp\/v2\/types\/post"}],"author":[{"embeddable":true,"href":"https:\/\/m-pet.de\/index.php?rest_route=\/wp\/v2\/users\/1"}],"replies":[{"embeddable":true,"href":"https:\/\/m-pet.de\/index.php?rest_route=%2Fwp%2Fv2%2Fcomments&post=2584"}],"version-history":[{"count":0,"href":"https:\/\/m-pet.de\/index.php?rest_route=\/wp\/v2\/posts\/2584\/revisions"}],"wp:attachment":[{"href":"https:\/\/m-pet.de\/index.php?rest_route=%2Fwp%2Fv2%2Fmedia&parent=2584"}],"wp:term":[{"taxonomy":"category","embeddable":true,"href":"https:\/\/m-pet.de\/index.php?rest_route=%2Fwp%2Fv2%2Fcategories&post=2584"},{"taxonomy":"post_tag","embeddable":true,"href":"https:\/\/m-pet.de\/index.php?rest_route=%2Fwp%2Fv2%2Ftags&post=2584"}],"curies":[{"name":"wp","href":"https:\/\/api.w.org\/{rel}","templated":true}]}}