{"id":1933,"date":"2019-02-15T20:00:58","date_gmt":"2019-02-15T19:00:58","guid":{"rendered":"https:\/\/m-pet.de\/?p=1933"},"modified":"2019-02-14T16:08:43","modified_gmt":"2019-02-14T15:08:43","slug":"1-2-und-3-sitzung-der-enquetekommission","status":"publish","type":"post","link":"https:\/\/m-pet.de\/?p=1933","title":{"rendered":"1. 2.,und 3. Sitzung der Enquetekommission"},"content":{"rendered":"\n<p>Die Enquetekommission \u201eSicherstellung der ambulanten und station\u00e4ren medizinischen Versorgung in Niedersachsen &#8211; f\u00fcr eine qualitativ hochwertige und wohnortnahe medizinische Versorgung\u201c, kurz EKmedV, hat in ihrer 1.Sitzung beschlossen zumeist w\u00f6chentlich zu tagen, um die zeitlichen Vorgaben der Aufgabenstellung einzuhalten.<\/p>\n\n\n\n<p>Bereits am 21. Januar 2019 kam sie erstmalig zusammen. Die Kommission lie\u00df sich zun\u00e4chst durch die Landesregierung \u00fcber die rechtlichen Rahmenbedingungen und das Zusammenspiel im Gesundheitswesen unterrichten.<\/p>\n\n\n\n<p>In der 2. Sitzung h\u00f6rte die Kommission Vertreter des Nieders\u00e4chsischen Landkreistages, des Landesausschusses Rettungsdienst und den \u00c4rztlichen Leiter Rettungsdienst des Landkreises Northeim an. <\/p>\n\n\n\n<p>In der 3. Sitzung am 11.02.2019 h\u00f6rte die Kommission zur Notfallversorgung Vertreter der Kassen\u00e4rztlichen Vereinigung Niedersachsen und des Verbandes der Ersatzkassen sowie einen externen Sachverst\u00e4ndigenden an. <\/p>\n\n\n\n<p>Die (kurzen) Protokolle der \u00f6ffentlichen Sitzungen finden Sie hier:<\/p>\n\n\n\n<ol class=\"wp-block-list\"><li>Sitzung vom 21.01.2019 <a aria-label=\" (opens in a new tab)\" rel=\"noreferrer noopener\" href=\"https:\/\/www.landtag-niedersachsen.de\/parlamentsdokumente\/kurzberichte_ausschuesse\/18_WP\/EKmedV\/KB_001_EKmedV_21.01.2019.pdf\" target=\"_blank\">18\/1 (\u00f6ffentlicher Teil)<\/a>\u00a0\u00a0<\/li><li>Sitzung vom 28.01.2019 <a aria-label=\"18\/2 (\u00f6ffentlicher Teil) (opens in a new tab)\" rel=\"noreferrer noopener\" href=\"https:\/\/www.landtag-niedersachsen.de\/parlamentsdokumente\/kurzberichte_ausschuesse\/18_WP\/EKmedV\/KB_002_EKmedV_28.01.2019.pdf\" target=\"_blank\">18\/2 (\u00f6ffentlicher Teil)<\/a><\/li><li>Sitzung vom 11.02.2019 <a aria-label=\"18\/3 (Kurzbericht) (opens in a new tab)\" rel=\"noreferrer noopener\" href=\"https:\/\/www.landtag-niedersachsen.de\/parlamentsdokumente\/kurzberichte_ausschuesse\/18_WP\/EKmedV\/KB_003_EKmedV_11.02.2019.pdf\" target=\"_blank\">18\/3 (Kurzbericht)<\/a><\/li><\/ol>\n\n\n\n<p>Mit diesem <a aria-label=\"Link  (opens in a new tab)\" href=\"https:\/\/www.nilas.niedersachsen.de\/starweb\/NILAS\/servlet.starweb?path=NILAS\/lisshfl.web&amp;id=nilaswebfastlink&amp;format=WEBLANGFL&amp;search=WP=18%20AND%20DART=D%20AND%20DNR=2351\" target=\"_blank\" rel=\"noreferrer noopener\">Link <\/a>finden Sie im nieders\u00e4chsischen Landtagsdokumentationssystem die entsprechenden Unterlagen mit weiteren Informationen zum Vorgang. <\/p>\n","protected":false},"excerpt":{"rendered":"<p>Enquetekommission Niedersachsen -die ersten Sitzungen haben stattgefunden. <\/p>\n","protected":false},"author":1,"featured_media":0,"comment_status":"closed","ping_status":"closed","sticky":false,"template":"","format":"standard","meta":{"footnotes":""},"categories":[6,5],"tags":[109,84],"class_list":["post-1933","post","type-post","status-publish","format-standard","hentry","category-aktuelles-2","category-allgemeines","tag-enquetekommision","tag-notfallversorgung"],"_links":{"self":[{"href":"https:\/\/m-pet.de\/index.php?rest_route=\/wp\/v2\/posts\/1933","targetHints":{"allow":["GET"]}}],"collection":[{"href":"https:\/\/m-pet.de\/index.php?rest_route=\/wp\/v2\/posts"}],"about":[{"href":"https:\/\/m-pet.de\/index.php?rest_route=\/wp\/v2\/types\/post"}],"author":[{"embeddable":true,"href":"https:\/\/m-pet.de\/index.php?rest_route=\/wp\/v2\/users\/1"}],"replies":[{"embeddable":true,"href":"https:\/\/m-pet.de\/index.php?rest_route=%2Fwp%2Fv2%2Fcomments&post=1933"}],"version-history":[{"count":0,"href":"https:\/\/m-pet.de\/index.php?rest_route=\/wp\/v2\/posts\/1933\/revisions"}],"wp:attachment":[{"href":"https:\/\/m-pet.de\/index.php?rest_route=%2Fwp%2Fv2%2Fmedia&parent=1933"}],"wp:term":[{"taxonomy":"category","embeddable":true,"href":"https:\/\/m-pet.de\/index.php?rest_route=%2Fwp%2Fv2%2Fcategories&post=1933"},{"taxonomy":"post_tag","embeddable":true,"href":"https:\/\/m-pet.de\/index.php?rest_route=%2Fwp%2Fv2%2Ftags&post=1933"}],"curies":[{"name":"wp","href":"https:\/\/api.w.org\/{rel}","templated":true}]}}