{"id":1720,"date":"2019-02-11T18:00:01","date_gmt":"2019-02-11T17:00:01","guid":{"rendered":"https:\/\/m-pet.de\/?p=1720"},"modified":"2019-02-14T09:03:30","modified_gmt":"2019-02-14T08:03:30","slug":"einsetzung-einer-enquetekommission-zur-notfallversorgung","status":"publish","type":"post","link":"https:\/\/m-pet.de\/?p=1720","title":{"rendered":"Einsetzung einer Enquetekommission zur Notfallversorgung"},"content":{"rendered":"\n<p>Der Nieders\u00e4chsische Landtag hat in mehreren Sitzungen beschlossen eine <strong> Enquetekommission&nbsp;<\/strong>einzusetzen. Diese Kommission soll sich mit der <strong>Sicherstellung der ambulanten und station\u00e4ren medizinischen Versorgung in Niedersachsen befassen, um f\u00fcr eine qualitativ hochwertige und wohnortnahe medizinische Versorgung zu sorgen. <\/strong><\/p>\n\n\n\n<p>Um auch zuk\u00fcnftig eine leistungsf\u00e4hige und bedarfsgerechte Versorgungsstruktur in den unter-schiedlichen Regionen Niedersachsens vorhalten zu k\u00f6nnen, sind insbesondere durch die Kommission folgende Fragestellungen zu kl\u00e4ren:<\/p>\n\n\n\n<ul class=\"wp-block-list\"><li>Ambulante medizinische Versorgung<\/li><li>Station\u00e4re medizinische Versorgung<\/li><li>Notfallversorgung<\/li><li>Digitalisierung<\/li><li>Mobilit\u00e4t<\/li><\/ul>\n\n\n\n<p>Der Kommission geh\u00f6ren 27 Mitglieder an: 15 Mitglieder des Landtags und zw\u00f6lf Sachver-st\u00e4ndige, die nicht Abgeordnete sind. Von den Abgeordneten werden je sechs Abgeordnete von den Fraktionen der SPD und CDU und je ein Mitglied von den Fraktionen B\u00fcndnis 90\/Die&nbsp;Gr\u00fcnen, FDP und AfD benannt. Die Sachverst\u00e4ndigen werden im Einvernehmen der Fraktionen benannt; andernfalls gilt \u00a7 18 a Abs. 2 Satz 3 GO LT.&nbsp;<\/p>\n\n\n\n<p>Die Kommission soll auf das Jahr 2019 in ihrer Arbeit begrenzt werden, um noch in dieser Le-gislaturperiode mit der Umsetzung von L\u00f6sungsm\u00f6glichkeiten zu beginnen. Die Kommission legt dem Landtag einen Abschlussbericht vor, in dem die konkreten Vorschl\u00e4ge nach den Zu-st\u00e4ndigkeiten gegliedert dargestellt werden.&nbsp;<\/p>\n\n\n\n<p><strong><a aria-label=\"Landtagsdrucksache &nbsp;18\/2351&nbsp;vom&nbsp;10.12.2018 (opens in a new tab)\" href=\"https:\/\/m-pet.de\/wp-content\/uploads\/2019\/02\/18-02351-Einsetzung-einer-Enquetekommission.pdf\" target=\"_blank\" rel=\"noreferrer noopener\">Landtagsdrucksache<\/a><\/strong><a aria-label=\"Landtagsdrucksache &nbsp;18\/2351&nbsp;vom&nbsp;10.12.2018 (opens in a new tab)\" href=\"https:\/\/m-pet.de\/wp-content\/uploads\/2019\/02\/18-02351-Einsetzung-einer-Enquetekommission.pdf\" target=\"_blank\" rel=\"noreferrer noopener\"> &nbsp;<\/a><strong><a aria-label=\"Landtagsdrucksache &nbsp;18\/2351&nbsp;vom&nbsp;10.12.2018 (opens in a new tab)\" href=\"https:\/\/m-pet.de\/wp-content\/uploads\/2019\/02\/18-02351-Einsetzung-einer-Enquetekommission.pdf\" target=\"_blank\" rel=\"noreferrer noopener\">18\/2351&nbsp;vom&nbsp;10.12.2018<\/a><\/strong><\/p>\n","protected":false},"excerpt":{"rendered":"<p>Land Niedersachsen setzt  Enquetekommission zur Notfallversorgung ein.<\/p>\n","protected":false},"author":1,"featured_media":0,"comment_status":"closed","ping_status":"closed","sticky":false,"template":"","format":"standard","meta":{"footnotes":""},"categories":[6,5],"tags":[44,92],"class_list":["post-1720","post","type-post","status-publish","format-standard","hentry","category-aktuelles-2","category-allgemeines","tag-landtag-niedersachsen","tag-niedersachsen"],"_links":{"self":[{"href":"https:\/\/m-pet.de\/index.php?rest_route=\/wp\/v2\/posts\/1720","targetHints":{"allow":["GET"]}}],"collection":[{"href":"https:\/\/m-pet.de\/index.php?rest_route=\/wp\/v2\/posts"}],"about":[{"href":"https:\/\/m-pet.de\/index.php?rest_route=\/wp\/v2\/types\/post"}],"author":[{"embeddable":true,"href":"https:\/\/m-pet.de\/index.php?rest_route=\/wp\/v2\/users\/1"}],"replies":[{"embeddable":true,"href":"https:\/\/m-pet.de\/index.php?rest_route=%2Fwp%2Fv2%2Fcomments&post=1720"}],"version-history":[{"count":0,"href":"https:\/\/m-pet.de\/index.php?rest_route=\/wp\/v2\/posts\/1720\/revisions"}],"wp:attachment":[{"href":"https:\/\/m-pet.de\/index.php?rest_route=%2Fwp%2Fv2%2Fmedia&parent=1720"}],"wp:term":[{"taxonomy":"category","embeddable":true,"href":"https:\/\/m-pet.de\/index.php?rest_route=%2Fwp%2Fv2%2Fcategories&post=1720"},{"taxonomy":"post_tag","embeddable":true,"href":"https:\/\/m-pet.de\/index.php?rest_route=%2Fwp%2Fv2%2Ftags&post=1720"}],"curies":[{"name":"wp","href":"https:\/\/api.w.org\/{rel}","templated":true}]}}