{"id":1515,"date":"2019-02-03T11:14:17","date_gmt":"2019-02-03T10:14:17","guid":{"rendered":"https:\/\/m-pet.de\/?p=1515"},"modified":"2019-02-14T09:05:35","modified_gmt":"2019-02-14T08:05:35","slug":"bremer-senat-zum-rettungsdienst-2018","status":"publish","type":"post","link":"https:\/\/m-pet.de\/?p=1515","title":{"rendered":"Bremer Senat zum Rettungsdienst 2018"},"content":{"rendered":"\n<p>Mitte November 2018 hat der Bremer Senat umfangreich auf eine Anfrage der CDU-Fraktion Zum Thema &#8222;Gewalt gegen Rettungs- und Einsatzkr\u00e4fte&#8220; geantwortet. Die Antworte beinhaltet einen \u00dcberblick \u00fcber mehrere Jahre aus sie Kriminalstatistik in den beiden Gemeinden Bremen und Bremerhaven. <\/p>\n\n\n\n<p>Mit einem Anteil von circa 98 Prozent richtet sich der weitaus \u00fcberwiegende Anteil der Straftaten gegen Polizeivollzugsbeamte. In Bremen werden pro Jahr ca. 600 bis 800 Straftaten gegen Einsatzkr\u00e4fte zur Anzeige gebracht. In Bremerhaven sind es rund 150 pro Jahr.<\/p>\n\n\n\n<p>Letztlich f\u00fchrt der Bremer Senat die  Angriffe auf Einsatzkr\u00e4fte mit einem allgemeinen Trend zur Verrohung und sinkendem  Respekt vor staatlichen Institutionen in Teilen der Gesellschaft oder Alkohol- und Drogeneinfluss zur\u00fcck.<\/p>\n\n\n\n<p><\/p>\n\n\n\n<div class=\"wp-block-file\"><a href=\"https:\/\/m-pet.de\/wp-content\/uploads\/2018\/12\/HB-Gewalt-gegen-RD-Kr\u00e4fte-D19L1900.pdf\" target=\"_blank\" rel=\"noreferrer noopener\">Bremer B\u00fcrgerschaft: Gewalt gegen RD Kr\u00e4fte D19L1900<\/a><a href=\"https:\/\/m-pet.de\/wp-content\/uploads\/2018\/12\/HB-Gewalt-gegen-RD-Kr\u00e4fte-D19L1900.pdf\" class=\"wp-block-file__button\" download>Herunterladen<\/a><\/div>\n\n\n\n<p>Bereits im Juni 2018 ist der Bremer Senat auf die Entwicklungen der Einsatzzahlen eingegangen und hat \u00fcber die Zielerreichungsgrad in Bremen berichtet. Dieser Zielerreichungsgrad hat sich in den Jahren zwischen 2013 und 2017 von 87,60% auf 89,81% in Bremen zwar verbessert. Das Ziel von 95% allerdings klar verfehlt. In Bremerhaven stellt sich die Situation etwas besser dar. Hier konnte der Zielerreichungsgrad von 90,34% im Jahr 2013 auf 93,67% verbessert werden. Auch hier wurde der Zielerreichungsgrad nicht erreicht. <\/p>\n\n\n\n<p>Der Bremer Senat f\u00fchrt das zum einen auf die Steigerung der Einsatzzahlen im gleichen Zeitraum zur\u00fcck. Zum anderen sorgt die st\u00e4dtische Struktur f\u00fcr Probleme. In den Jahren wurden die rettungsdienstlichen Kapazit\u00e4ten kontinuierlich ausgeweitet. So standen 2013 insgesamt 22 Rettungswagen mit 152 Tsd.-Vorhaltestunden zur Verf\u00fcgung. Im Jahre 2017 waren es bereits 26 Rettungswagen mit 207 Tsd.-Vorhaltestunden. Nach Umsetzung eines entsprechenden Gutachtens werden es 34 Rettungswagen mit insgesamt 219 Tsd.-Vorhaltestunden in Bremen verf\u00fcgbar sein. In Bremerhaven wird im gleichen Zeitraum ein Rettungswagen weniger vorgehalten. <\/p>\n\n\n\n<p><\/p>\n\n\n\n<div class=\"wp-block-file\"><a href=\"https:\/\/m-pet.de\/wp-content\/uploads\/2018\/12\/HB-Entwicklung-RD-mit-HF-Erreichung-06-18-D19L1699.pdf\">Bremer Entwicklung RD mit  Zielerreichung 06-18 D19L1699<\/a><a href=\"https:\/\/m-pet.de\/wp-content\/uploads\/2018\/12\/HB-Entwicklung-RD-mit-HF-Erreichung-06-18-D19L1699.pdf\" class=\"wp-block-file__button\" download>Herunterladen<\/a><\/div>\n\n\n\n<p><em><strong>Meine Meinung: <\/strong><\/em>Bei der Bedarfsbemessung taucht auch in Bremen und Bremerhaven die Schwierigkeit auf, dass die Einsatzzahlen in den letzten Jahren kontinuierlich steigen. Die heute \u00fcblichen bedarfsplanerischen Methoden k\u00f6nnen die Komplexit\u00e4t und Dynamik des Einsatzgeschehens aber nicht gut abbilden. Insofern sind die Beteiligten berufen, neue Wege zu entwickeln. Sonst wird es so sein, dass den Entwicklungen weiterhin hinterhergelaufen wird. Dar\u00fcber hinaus muss das Einsatzgeschehen dahingehend aufbereiten werden, dass man erkennen kann, welche Eins\u00e4tze indiziert sind und welche nicht. Der Rettungsdienst muss sich wieder mehr auf die Eins\u00e4tze konzentrieren, f\u00fcr die er da ist: Notfallrettung bei lebensbedrohlichen Situationen. Wenn es nicht gelingt, Eins\u00e4tze aus dem Geschehen zu entfernen, die origin\u00e4r nicht zu den Aufgaben des Rettungsdienstes geh\u00f6ren, wird es in Zukunft sehr schwer werden, die Eins\u00e4tze bearbeiten zu k\u00f6nnen. Der Fachkr\u00e4ftemangel, die Demographie und \u00c4nderungen im Bereich der Notfallversorgung werden es immer schwieriger machen, die notwendigen Leistungen anbieten zu k\u00f6nnen. Es sei denn der Rettungsdienst und dessen Methoden zur Bedarfsplanung entwickeln sich weiter.<\/p>\n","protected":false},"excerpt":{"rendered":"<p>Bremer Senat zur Gewalt gegen Einsatzkr\u00e4fte und den Entwicklungen des Rettungsdienstes<\/p>\n","protected":false},"author":1,"featured_media":0,"comment_status":"closed","ping_status":"closed","sticky":false,"template":"","format":"standard","meta":{"footnotes":""},"categories":[6,5],"tags":[97,99,100,96,101],"class_list":["post-1515","post","type-post","status-publish","format-standard","hentry","category-aktuelles-2","category-allgemeines","tag-bremen","tag-bremerhaven","tag-buergerschaft","tag-gewalt","tag-hilfsfrist"],"_links":{"self":[{"href":"https:\/\/m-pet.de\/index.php?rest_route=\/wp\/v2\/posts\/1515","targetHints":{"allow":["GET"]}}],"collection":[{"href":"https:\/\/m-pet.de\/index.php?rest_route=\/wp\/v2\/posts"}],"about":[{"href":"https:\/\/m-pet.de\/index.php?rest_route=\/wp\/v2\/types\/post"}],"author":[{"embeddable":true,"href":"https:\/\/m-pet.de\/index.php?rest_route=\/wp\/v2\/users\/1"}],"replies":[{"embeddable":true,"href":"https:\/\/m-pet.de\/index.php?rest_route=%2Fwp%2Fv2%2Fcomments&post=1515"}],"version-history":[{"count":0,"href":"https:\/\/m-pet.de\/index.php?rest_route=\/wp\/v2\/posts\/1515\/revisions"}],"wp:attachment":[{"href":"https:\/\/m-pet.de\/index.php?rest_route=%2Fwp%2Fv2%2Fmedia&parent=1515"}],"wp:term":[{"taxonomy":"category","embeddable":true,"href":"https:\/\/m-pet.de\/index.php?rest_route=%2Fwp%2Fv2%2Fcategories&post=1515"},{"taxonomy":"post_tag","embeddable":true,"href":"https:\/\/m-pet.de\/index.php?rest_route=%2Fwp%2Fv2%2Ftags&post=1515"}],"curies":[{"name":"wp","href":"https:\/\/api.w.org\/{rel}","templated":true}]}}