{"id":1479,"date":"2018-12-22T19:00:49","date_gmt":"2018-12-22T19:00:49","guid":{"rendered":"https:\/\/m-pet.de\/?p=1479"},"modified":"2018-12-21T19:33:14","modified_gmt":"2018-12-21T19:33:14","slug":"bw-entwicklungen-im-rettungswesen-in-der-2-jahreshaefte","status":"publish","type":"post","link":"https:\/\/m-pet.de\/?p=1479","title":{"rendered":"BW: Entwicklungen im Rettungswesen in der 2. Jahresh\u00e4lfte"},"content":{"rendered":"\n<p>Die Landesregierung Baden-W\u00fcrttemberg hat am 16.11.2018 umfangreich auf eine Anfrage der FDP\/DVP geantwortet.<\/p>\n\n\n\n<p>Die Landtagsfraktion hatte die Landesregierung u.a. gefragt, wie man die Rechtssicherheit f\u00fcr Notfallsanit\u00e4terinnen und Notfallsanit\u00e4ter, u.a im Hinblick auf klarere Kompetenzregelungen, verbessern k\u00f6nne. Gefragt wurde auch expliziert nach bundeseinheitlichen Regelungen. <\/p>\n\n\n\n<p>Die Landesregierung Baden-W\u00fcrttemberg berichtet, dass auf ihre Initiative die St\u00e4ndige Konferenz der Innenminister und -senatoren der L\u00e4nder Ende November 2018 in Magdeburg sich der Auffassung Baden-W\u00fcrttembergs angeschlossen hat, dass die Notfallsanit\u00e4terinnen und Notfallsanit\u00e4ter im Rahmen ihrer Berufsaus\u00fcbung eine verbesserte rechtliche Handlungssicherheit bed\u00fcrfen. Die Bundesregierung wurde gebeten, sich zeitnah f\u00fcr entsprechende \u00c4nderungen einzusetzen.<\/p>\n\n\n\n<p>F\u00fcr mich erfreulich ist, dass die anfragende Landtagsfraktion auch den bei uns in Niedersachsen im Rahmen eines Pilotprojektes geschaffene &#8222;Gemeinde-Notfallsanit\u00e4ter&#8220; angesprochen hat. Dieser wird zun\u00e4chst bis zum September 2020 im Bereich Ammerland, Cloppenburg, der Stadt Oldenburg und im Landkreis Vechta getestet.<\/p>\n\n\n\n<p>Weiterhin arbeitet die Landesregierung an einer st\u00e4rkeren Verzahnung von Rettungsdienst sowie ambulanter und station\u00e4rer Notfallversorgung.Die Landesregierung ist der Auffassung, dass den bereits bestehenden Integrierten Rettungsleitstellen hier eine entscheidende Lenkungsfunktion zukommt. <\/p>\n\n\n\n<p>Um einen \u00dcberblick \u00fcber den Fachkr\u00e4ftemangel im Rettungsdienst zu erhalten, hat der Landesausschuss f\u00fcr den Rettungsdienst BW am 27. November 2018 eine Definition von meldepflichtigen Ausf\u00e4llen in der Notfallrettung in Baden-W\u00fcrttemberg sowie ihre einheitliche Dokumentation durch die Integrierten Leitstellen konsentiert.Mit diesen Erhebungen soll zum 01.01.2019 begonnen werden.<\/p>\n\n\n\n<p><strong>Meine Meinung: <\/strong>Insgesamt sind starke Bestrebungen in allen Bundesl\u00e4ndern, so wie hier in Baden-W\u00fcrttemberg, zur Verbesserung der Notfallversorgung zu erkennen. Nun gilt es, z.B.den Problemen der Notfallsanit\u00e4terinnen und Notfallsanit\u00e4tern endlich auch Taten folgen zu lassen.  Die gewonnen Erkenntnisse, die als gut und sinnvoll erkannt werden, m\u00fcssen umgesetzt werden. Allerdings sollte hier &#8211; wie immer im Leben &#8211; Qualit\u00e4t vor Schnelligkeit gehen.<\/p>\n\n\n\n<div class=\"wp-block-file\"><a href=\"https:\/\/m-pet.de\/wp-content\/uploads\/2018\/12\/16_5203_D.pdf\" target=\"_blank\" rel=\"noreferrer noopener\">Drucksache des Landtages BW aus November 2018<\/a><a href=\"https:\/\/m-pet.de\/wp-content\/uploads\/2018\/12\/16_5203_D.pdf\" class=\"wp-block-file__button\" download>Herunterladen<\/a><\/div>\n\n\n\n<div class=\"wp-block-file\"><a href=\"https:\/\/m-pet.de\/wp-content\/uploads\/2018\/12\/Positionen_zur_Notfallversorgung_-_B_52-Verb\u00e4ndekooperation_BW.pdf\" target=\"_blank\" rel=\"noreferrer noopener\">Positionen_zur_Notfallversorgung_-_B_52-Verb\u00e4ndekooperation_BW<\/a><a href=\"https:\/\/m-pet.de\/wp-content\/uploads\/2018\/12\/Positionen_zur_Notfallversorgung_-_B_52-Verb\u00e4ndekooperation_BW.pdf\" class=\"wp-block-file__button\" download>Herunterladen<\/a><\/div>\n\n\n\n<div class=\"wp-block-file\"><a href=\"https:\/\/m-pet.de\/wp-content\/uploads\/2018\/12\/16_4317_D.pdf\" target=\"_blank\" rel=\"noreferrer noopener\">Drucksache des Landtages BW aus Juni 2018 ebenfalls zum Themenkomplex<\/a><a href=\"https:\/\/m-pet.de\/wp-content\/uploads\/2018\/12\/16_4317_D.pdf\" class=\"wp-block-file__button\" download>Herunterladen<\/a><\/div>\n","protected":false},"excerpt":{"rendered":"<p>Die Landesregierung Baden-W\u00fcrttemberg hat am 16.11.2018 umfangreich auf eine Anfrage der FDP\/DVP geantwortet. Die Landtagsfraktion hatte die Landesregierung u.a. gefragt, wie man die Rechtssicherheit f\u00fcr Notfallsanit\u00e4terinnen und Notfallsanit\u00e4ter, u.a im Hinblick auf klarere Kompetenzregelungen, verbessern k\u00f6nne. Gefragt wurde auch expliziert nach bundeseinheitlichen Regelungen. Die Landesregierung Baden-W\u00fcrttemberg berichtet, dass auf ihre Initiative die St\u00e4ndige Konferenz der<\/p><\/div>\n<div class=\"blog-btn\"><a href=\"https:\/\/m-pet.de\/?p=1479\" class=\"home-blog-btn\">Weiterlesen<\/a><\/p>\n","protected":false},"author":1,"featured_media":0,"comment_status":"closed","ping_status":"closed","sticky":false,"template":"","format":"standard","meta":{"footnotes":""},"categories":[6,5],"tags":[94,95,93,22],"class_list":["post-1479","post","type-post","status-publish","format-standard","hentry","category-aktuelles-2","category-allgemeines","tag-baden-wuerttemberg","tag-gemeinde-notfallsanitaeter","tag-landtag-bw","tag-notfallsanitaeter"],"_links":{"self":[{"href":"https:\/\/m-pet.de\/index.php?rest_route=\/wp\/v2\/posts\/1479","targetHints":{"allow":["GET"]}}],"collection":[{"href":"https:\/\/m-pet.de\/index.php?rest_route=\/wp\/v2\/posts"}],"about":[{"href":"https:\/\/m-pet.de\/index.php?rest_route=\/wp\/v2\/types\/post"}],"author":[{"embeddable":true,"href":"https:\/\/m-pet.de\/index.php?rest_route=\/wp\/v2\/users\/1"}],"replies":[{"embeddable":true,"href":"https:\/\/m-pet.de\/index.php?rest_route=%2Fwp%2Fv2%2Fcomments&post=1479"}],"version-history":[{"count":0,"href":"https:\/\/m-pet.de\/index.php?rest_route=\/wp\/v2\/posts\/1479\/revisions"}],"wp:attachment":[{"href":"https:\/\/m-pet.de\/index.php?rest_route=%2Fwp%2Fv2%2Fmedia&parent=1479"}],"wp:term":[{"taxonomy":"category","embeddable":true,"href":"https:\/\/m-pet.de\/index.php?rest_route=%2Fwp%2Fv2%2Fcategories&post=1479"},{"taxonomy":"post_tag","embeddable":true,"href":"https:\/\/m-pet.de\/index.php?rest_route=%2Fwp%2Fv2%2Ftags&post=1479"}],"curies":[{"name":"wp","href":"https:\/\/api.w.org\/{rel}","templated":true}]}}