{"id":1472,"date":"2018-12-21T15:00:37","date_gmt":"2018-12-21T15:00:37","guid":{"rendered":"https:\/\/m-pet.de\/?p=1472"},"modified":"2018-12-21T15:43:17","modified_gmt":"2018-12-21T15:43:17","slug":"bmg-die-notfallversorgung-verbessern","status":"publish","type":"post","link":"https:\/\/m-pet.de\/?p=1472","title":{"rendered":"BMG: &#8222;Die Notfallversorgung verbessern&#8220;"},"content":{"rendered":"\n<p>Bundesgesundheitsminister Spahn hat am 18.12.2018 in Berlin die wesentlichen Eckpunkte seiner \u00dcberlegungen der \u00d6ffentlichkeit pr\u00e4sentiert. <\/p>\n\n\n\n<p>Das BMG hat, wie alle Beteiligten der Notfallversorgung erkannt, dass sich etwas tun muss, um den kommenden Herausforderungen gerecht zu werden. Immer mehr Menschen str\u00f6men in Notaufnahmen, obwohl diese ohne Probleme auch im ambulanten Bereich versorgt werden k\u00f6nnten. Die Rettungsdienste und die Notaufnahmen sind \u00fcberlastet. Die durch den <a href=\"https:\/\/www.svr-gesundheit.de\" target=\"_blank\" rel=\"noreferrer noopener\" aria-label=\"Sachverst\u00e4ndigenrat f\u00fcr das Gesundheitswesen (opens in a new tab)\">Sachverst\u00e4ndigenrat f\u00fcr das Gesundheitswesen<\/a> in ihrem <a label=\"Gutachten zur Notfallversorgung (opens in a new tab)\" rel=\"noreferrer noopener\" href=\"https:\/\/www.svr-gesundheit.de\" target=\"_blank\">Gutachten zur Notfallversorgung<\/a> ver\u00f6ffentlichten Erkenntnisse macht sich das BMG in weiten Teilen zu eigen. Im nachfolgenden Video ist das Statemant von Minister Spahn zu sehen. (Quelle: <a href=\"https:\/\/www.bundesgesundheitsministerium.de\/notfallversorgung.html\">BMG<\/a>)<\/p>\n\n\n\n<figure class=\"wp-block-embed-youtube wp-block-embed is-type-video is-provider-youtube wp-embed-aspect-4-3 wp-has-aspect-ratio\"><div class=\"wp-block-embed__wrapper\">\n<iframe loading=\"lazy\" title=\"Statement Notfallversorgung\" width=\"696\" height=\"522\" src=\"https:\/\/www.youtube.com\/embed\/a48eR1Z1tf0?feature=oembed\" frameborder=\"0\" allow=\"accelerometer; autoplay; clipboard-write; encrypted-media; gyroscope; picture-in-picture; web-share\" referrerpolicy=\"strict-origin-when-cross-origin\" allowfullscreen><\/iframe>\n<\/div><\/figure>\n\n\n\n<p>F\u00fcr den Bereich <strong>Rettungsdienst <\/strong>w\u00fcnscht sich das BMG umfangreiche \u00c4nderungen, die allerdings eine \u00c4nderung des Grundgesetzes ben\u00f6tigen. Folgende Ideen m\u00f6chte das BMGF umsetzen: <\/p>\n\n\n\n<ul class=\"wp-block-list\"><li>Der Rettungsdienst soll ein eigenst\u00e4ndiger medizinischer Leistungsbereich im SGB V werden.<\/li><li>Um nicht notwendige Krankenhauseinweisungen zu vermeiden, soll die die Transportpflicht entfallen und eine Verg\u00fctung trotzdem erfolgen.<\/li><li>Die Krankenkassen sollen erweiterte Mitwirkungs- und Verhandlungsm\u00f6glichkeiten bei wesentlichen Fragen zur Ausgestaltung des Rettungsdienstes erhalten.<\/li><li>Die Finanzierung des Rettungsdienstes soll zwischen den Krankenkassen und den L\u00e4ndern anders geregelt werden. Die L\u00e4nder sollen im Bereich Investitions- und Vorhaltekosten f\u00fcr die Infrastruktur mehr Verantwortung \u00fcbernehmen.<\/li><li>Die Leitstellen f\u00fcr Feuerwehr, Rettungsdienst und Katastrophenschutz sollen mit den Servicestellen der Kassen\u00e4rztlichen Vereinigung (116117) zu gemeinsamen Notfallleitstellen zusammengelegt werden. Hierdurch soll eine bessere Triage erreicht werden, die daf\u00fcr sorgt, dass Patienten in den richtigen Versorgungsbereich gelangen. <\/li><\/ul>\n\n\n\n<p>Der Rettungsdienst ist derzeit in der Gesetzgebungskompetenz der L\u00e4nder. Diese haben, wie z.B. bei Polizei, dem Brandschutz oder auch im Bildungsbereich entsprechende Regelungen in Landesgesetzen zu regeln. <\/p>\n\n\n\n<p>Das weitere Verfahren bleibt, auch im Hinblick auf die vom BMG gew\u00fcnschte kurze Verfahrensdauer, sportlich. Bis April 2019 will das BMG einen ersten Gesetzentwurf vorlegen. Inkrafttreten sollen diese \u00c4nderungen zum 01.01.2020. Das setzt allerdings voraus, dass auch der Bundesrat mit 2\/3-Mehrheit den beabsichtigten \u00c4nderungen des Grundgesetzes zustimmt. Das das nicht einfach ist, wei\u00df die Bundesregierung sicherlich durch den gerade gestoppten Bildungskompromis.<\/p>\n","protected":false},"excerpt":{"rendered":"<p>Bundesgesundheitsminister Spahn hat am 18.12.2018 in Berlin die wesentlichen Eckpunkte seiner \u00dcberlegungen der \u00d6ffentlichkeit pr\u00e4sentiert. Das BMG hat, wie alle Beteiligten der Notfallversorgung erkannt, dass sich etwas tun muss, um den kommenden Herausforderungen gerecht zu werden. Immer mehr Menschen str\u00f6men in Notaufnahmen, obwohl diese ohne Probleme auch im ambulanten Bereich versorgt werden k\u00f6nnten. Die Rettungsdienste<\/p><\/div>\n<div class=\"blog-btn\"><a href=\"https:\/\/m-pet.de\/?p=1472\" class=\"home-blog-btn\">Weiterlesen<\/a><\/p>\n","protected":false},"author":1,"featured_media":0,"comment_status":"closed","ping_status":"closed","sticky":false,"template":"","format":"standard","meta":{"footnotes":""},"categories":[6],"tags":[90,89,88,85,86,87,84,59,83],"class_list":["post-1472","post","type-post","status-publish","format-standard","hentry","category-aktuelles-2","tag-bmg","tag-bundesgesundheitsministerium","tag-bundsrat","tag-grundgesetz","tag-krankenkassen","tag-laender","tag-notfallversorgung","tag-rettungsdienst","tag-spahn"],"_links":{"self":[{"href":"https:\/\/m-pet.de\/index.php?rest_route=\/wp\/v2\/posts\/1472","targetHints":{"allow":["GET"]}}],"collection":[{"href":"https:\/\/m-pet.de\/index.php?rest_route=\/wp\/v2\/posts"}],"about":[{"href":"https:\/\/m-pet.de\/index.php?rest_route=\/wp\/v2\/types\/post"}],"author":[{"embeddable":true,"href":"https:\/\/m-pet.de\/index.php?rest_route=\/wp\/v2\/users\/1"}],"replies":[{"embeddable":true,"href":"https:\/\/m-pet.de\/index.php?rest_route=%2Fwp%2Fv2%2Fcomments&post=1472"}],"version-history":[{"count":0,"href":"https:\/\/m-pet.de\/index.php?rest_route=\/wp\/v2\/posts\/1472\/revisions"}],"wp:attachment":[{"href":"https:\/\/m-pet.de\/index.php?rest_route=%2Fwp%2Fv2%2Fmedia&parent=1472"}],"wp:term":[{"taxonomy":"category","embeddable":true,"href":"https:\/\/m-pet.de\/index.php?rest_route=%2Fwp%2Fv2%2Fcategories&post=1472"},{"taxonomy":"post_tag","embeddable":true,"href":"https:\/\/m-pet.de\/index.php?rest_route=%2Fwp%2Fv2%2Ftags&post=1472"}],"curies":[{"name":"wp","href":"https:\/\/api.w.org\/{rel}","templated":true}]}}