{"id":1256,"date":"2018-10-19T13:16:56","date_gmt":"2018-10-19T13:16:56","guid":{"rendered":"https:\/\/m-pet.de\/?p=1256"},"modified":"2018-10-19T20:25:11","modified_gmt":"2018-10-19T20:25:11","slug":"oeffentlichkeitsarbeit-und-social-media-im-katastrophenschutz","status":"publish","type":"post","link":"https:\/\/m-pet.de\/?p=1256","title":{"rendered":"\u00d6ffentlichkeitsarbeit und Social Media im Katastrophenschutz"},"content":{"rendered":"\n<p><strong>Katastrophenschutz.camp&nbsp;<\/strong><\/p>\n\n\n\n<p><strong>Social Media<\/strong> wird auch im Bereich des Katastrophenschutzes ein immer gr\u00f6\u00dferes Thema. Neben der Information der Bev\u00f6lkerung \u00fcber alle kritischen Ereignisse, stellt auch die Einbindung von freiwilligen Helfer bei der Bew\u00e4ltigung der Katastrophe eine gro\u00dfe Herausforderung f\u00fcr die Katastrophenschutzbeh\u00f6rden dar. &nbsp;<\/p>\n\n\n\n<p>Es wird auch dar\u00fcber zu diskutieren sein, wie Fake-News erkannt, aber vielleicht auch Social Media Informationen zur Lageerkundung genutzt werden k\u00f6nnen.&nbsp;<\/p>\n\n\n\n<p>Im &#8222;Katastrohenschutz.Camp&#8220; sollen alle m\u00f6glichen Fragen rund um den Umgang mit Social Media im Katastrophenschutz beleuchtet und Antworten gefunden werden. Anders als bei normalen Konferenzen wird dieses Forum nicht als &#8222;Symposium&#8220; durchgef\u00fchrt sondern als &#8222;Barcamp&#8220;. <\/p>\n\n\n\n<p>Was diese Form der Konferenz bedeutet und wie es abl\u00e4uft finden Sie auf der Internetseite des Katastrophenschutz.camp<\/p>\n\n\n\n<p>Die Veranstaltung wird am 01. und 02. Februar 2019 beim Institut der Feuerwehr NRW (IdF) in M\u00fcnster stattfinden. Das Organisationsteam besteht neben <a href=\"http:\/\/www.mueti.de\/\" target=\"_blank\" rel=\"noreferrer noopener\">Jan M\u00fcller-Tischer<\/a> aus, <a href=\"https:\/\/www.xing.com\/profile\/AnnaCarla_Springob\" target=\"_blank\" rel=\"noreferrer noopener\">Anna Carla Springob<\/a> und Maike Kranaster.&nbsp;<\/p>\n\n\n\n<p>Ich bin sehr gespannt auf die Ergebnisse dieser Veranstaltung. <\/p>\n\n\n\n<p>Uns muss allen klar sein , dass wir auch im Katastrophenfall oder bei Gro\u00dfschadensereignissen mit den Social Media Aspekten umgehen m\u00fcssen.&nbsp;<\/p>\n\n\n\n<p class=\"has-text-color has-vivid-red-color\"><strong>Die Veranstaltung ist leider schon ausverkauft.&nbsp;<\/strong><\/p>\n","protected":false},"excerpt":{"rendered":"<p>Katastrophenschutz.camp&nbsp; Social Media wird auch im Bereich des Katastrophenschutzes ein immer gr\u00f6\u00dferes Thema. Neben der Information der Bev\u00f6lkerung \u00fcber alle kritischen Ereignisse, stellt auch die Einbindung von freiwilligen Helfer bei der Bew\u00e4ltigung der Katastrophe eine gro\u00dfe Herausforderung f\u00fcr die Katastrophenschutzbeh\u00f6rden dar. &nbsp; Es wird auch dar\u00fcber zu diskutieren sein, wie Fake-News erkannt, aber vielleicht auch<\/p><\/div>\n<div class=\"blog-btn\"><a href=\"https:\/\/m-pet.de\/?p=1256\" class=\"home-blog-btn\">Weiterlesen<\/a><\/p>\n","protected":false},"author":1,"featured_media":0,"comment_status":"closed","ping_status":"closed","sticky":false,"template":"","format":"standard","meta":{"footnotes":""},"categories":[6,5],"tags":[41,7,75,73,76,74],"class_list":["post-1256","post","type-post","status-publish","format-standard","hentry","category-aktuelles-2","category-allgemeines","tag-ausbildung","tag-fortbildung","tag-kats","tag-konferenz","tag-social-media","tag-tagung"],"_links":{"self":[{"href":"https:\/\/m-pet.de\/index.php?rest_route=\/wp\/v2\/posts\/1256","targetHints":{"allow":["GET"]}}],"collection":[{"href":"https:\/\/m-pet.de\/index.php?rest_route=\/wp\/v2\/posts"}],"about":[{"href":"https:\/\/m-pet.de\/index.php?rest_route=\/wp\/v2\/types\/post"}],"author":[{"embeddable":true,"href":"https:\/\/m-pet.de\/index.php?rest_route=\/wp\/v2\/users\/1"}],"replies":[{"embeddable":true,"href":"https:\/\/m-pet.de\/index.php?rest_route=%2Fwp%2Fv2%2Fcomments&post=1256"}],"version-history":[{"count":0,"href":"https:\/\/m-pet.de\/index.php?rest_route=\/wp\/v2\/posts\/1256\/revisions"}],"wp:attachment":[{"href":"https:\/\/m-pet.de\/index.php?rest_route=%2Fwp%2Fv2%2Fmedia&parent=1256"}],"wp:term":[{"taxonomy":"category","embeddable":true,"href":"https:\/\/m-pet.de\/index.php?rest_route=%2Fwp%2Fv2%2Fcategories&post=1256"},{"taxonomy":"post_tag","embeddable":true,"href":"https:\/\/m-pet.de\/index.php?rest_route=%2Fwp%2Fv2%2Ftags&post=1256"}],"curies":[{"name":"wp","href":"https:\/\/api.w.org\/{rel}","templated":true}]}}