{"id":120,"date":"2016-07-11T13:33:04","date_gmt":"2016-07-11T13:33:04","guid":{"rendered":"http:\/\/m-pet.de\/?p=120"},"modified":"2016-07-12T09:15:17","modified_gmt":"2016-07-12T09:15:17","slug":"taktische-lagen-im-rettungsdienst","status":"publish","type":"post","link":"https:\/\/m-pet.de\/?p=120","title":{"rendered":"Taktische Lagen im Rettungsdienst"},"content":{"rendered":"<p style=\"text-align: justify;\"><strong><a href=\"https:\/\/m-pet.de\/wp-content\/uploads\/2016\/07\/Termine.jpg\"><img loading=\"lazy\" decoding=\"async\" class=\"size-full wp-image-146 alignleft\" src=\"https:\/\/m-pet.de\/wp-content\/uploads\/2016\/07\/Termine.jpg\" alt=\"Termine\" width=\"208\" height=\"77\" \/><\/a>10.11.2016 | Tagungszentrum im Holiday Inn D\u00fcsseldorf-Neuss<\/strong><\/p>\n<p style=\"text-align: justify;\">Die Gewaltkriminalit\u00e4t und Terrorgefahr bestimmen in zunehmendem Ma\u00dfe auch den Alltag der Rettungsdienste. Insbesondere \u00c4rztliche und Organisatorische Leiter, aber auch Not\u00e4rzte und das nicht-\u00e4rztliche Rettungsfachpersonal sind gefordert, f\u00fcr derartige Lagen spezielle Vorbereitungen zu treffen und sich mit den Sicherheitsbeh\u00f6rden eng abzustimmen.<\/p>\n<p style=\"text-align: justify;\">Erstmalig werden im Rahmen des bundesweiten Symposiums \u201eTaktische Lagen im Rettungsdienst\u201c ausgewiesene Experten die diversen Aspekte solcher besonderen Einsatzlagen ausf\u00fchrlich mit dem Rettungsdienst er\u00f6rtern. Zu den Referenten geh\u00f6ren Anti-Terrorexperten, Mitglieder der GSG 9 der Bundespolizei, Angeh\u00f6rige von Spezialeinsatzkommandos der L\u00e4nder, Vertreter der Bundeswehr, Polizeitrainer sowie Einsatzleiter aus dem In- und Ausland, die alle \u00fcber praktische Erfahrungen mit Amoklagen und Terroranschl\u00e4gen verf\u00fcgen. Zudem berichten beteiligte Einsatzkr\u00e4fte von den Bombenanschl\u00e4gen in Br\u00fcssel, den Terroranschl\u00e4gen von Ut\u00f8ya und Oslo sowie vom Amoklauf in Winnenden.<\/p>\n<p style=\"text-align: justify;\">Zielsetzung des Symposiums ist es, Hintergr\u00fcnde, Strategien und Taktiken f\u00fcr diese Lagen zu vermitteln.<\/p>\n<p style=\"text-align: justify;\">Weitere Informationen finden Sie <a href=\"http:\/\/www.taktik-rettungsdienst.de\/\" target=\"_blank\">hier<\/a>!<\/p>\n","protected":false},"excerpt":{"rendered":"<p>10.11.2016 | Tagungszentrum im Holiday Inn D\u00fcsseldorf-Neuss Die Gewaltkriminalit\u00e4t und Terrorgefahr bestimmen in zunehmendem Ma\u00dfe auch den Alltag der Rettungsdienste. Insbesondere \u00c4rztliche und Organisatorische Leiter, aber auch Not\u00e4rzte und das nicht-\u00e4rztliche Rettungsfachpersonal sind gefordert, f\u00fcr derartige Lagen spezielle Vorbereitungen zu treffen und sich mit den Sicherheitsbeh\u00f6rden eng abzustimmen. Erstmalig werden im Rahmen des bundesweiten Symposiums<\/p><\/div>\n<div class=\"blog-btn\"><a href=\"https:\/\/m-pet.de\/?p=120\" class=\"home-blog-btn\">Weiterlesen<\/a><\/p>\n","protected":false},"author":1,"featured_media":0,"comment_status":"closed","ping_status":"closed","sticky":false,"template":"","format":"standard","meta":{"footnotes":""},"categories":[1],"tags":[7],"class_list":["post-120","post","type-post","status-publish","format-standard","hentry","category-termine","tag-fortbildung"],"_links":{"self":[{"href":"https:\/\/m-pet.de\/index.php?rest_route=\/wp\/v2\/posts\/120","targetHints":{"allow":["GET"]}}],"collection":[{"href":"https:\/\/m-pet.de\/index.php?rest_route=\/wp\/v2\/posts"}],"about":[{"href":"https:\/\/m-pet.de\/index.php?rest_route=\/wp\/v2\/types\/post"}],"author":[{"embeddable":true,"href":"https:\/\/m-pet.de\/index.php?rest_route=\/wp\/v2\/users\/1"}],"replies":[{"embeddable":true,"href":"https:\/\/m-pet.de\/index.php?rest_route=%2Fwp%2Fv2%2Fcomments&post=120"}],"version-history":[{"count":0,"href":"https:\/\/m-pet.de\/index.php?rest_route=\/wp\/v2\/posts\/120\/revisions"}],"wp:attachment":[{"href":"https:\/\/m-pet.de\/index.php?rest_route=%2Fwp%2Fv2%2Fmedia&parent=120"}],"wp:term":[{"taxonomy":"category","embeddable":true,"href":"https:\/\/m-pet.de\/index.php?rest_route=%2Fwp%2Fv2%2Fcategories&post=120"},{"taxonomy":"post_tag","embeddable":true,"href":"https:\/\/m-pet.de\/index.php?rest_route=%2Fwp%2Fv2%2Ftags&post=120"}],"curies":[{"name":"wp","href":"https:\/\/api.w.org\/{rel}","templated":true}]}}