{"id":11508,"date":"2026-01-20T12:00:00","date_gmt":"2026-01-20T11:00:00","guid":{"rendered":"https:\/\/m-pet.de\/?p=11508"},"modified":"2026-04-13T12:14:29","modified_gmt":"2026-04-13T10:14:29","slug":"nrw-derzeit-keine-rechtlichen-huerden-beim-einsatz-von-christoph-europa-1","status":"publish","type":"post","link":"https:\/\/m-pet.de\/?p=11508","title":{"rendered":"NRW: Derzeit keine rechtlichen H\u00fcrden beim Einsatz von \u201eChristoph Europa 1\u201c"},"content":{"rendered":"\n<p>Die Landesregierung Nordrhein-Westfalen beschreibt die Luftrettung ausdr\u00fccklich als&nbsp;<strong>Erg\u00e4nzung<\/strong>&nbsp;zur Bodenrettung. F\u00fcr grenz\u00fcberschreitende Eins\u00e4tze im Dreil\u00e4ndereck hei\u00dft das: Notf\u00e4lle auf belgischem oder niederl\u00e4ndischem Gebiet bleiben zun\u00e4chst Aufgabe des jeweiligen Staates; ein Einsatz aus Nordrhein-Westfalen erfolgt dann auf Anforderung der dort zust\u00e4ndigen Leitstelle. [1]<\/p>\n\n\n\n<p>F\u00fcr den in Aachen-Merzbr\u00fcck stationierten Rettungshubschrauber&nbsp;<strong>\u201eChristoph Europa 1\u201c<\/strong>&nbsp;meldet die Landesregierung f\u00fcr das Jahr 2025 insgesamt&nbsp;<strong>1.765 Eins\u00e4tze<\/strong>, davon&nbsp;<strong>1.717 in Deutschland<\/strong>,&nbsp;<strong>45 in den Niederlanden<\/strong>&nbsp;und&nbsp;<strong>3 in Belgien<\/strong>. Das zeigt: Die grenz\u00fcberschreitende Funktion ist real vorhanden, praktisch liegt der Schwerpunkt aber weiterhin klar auf Eins\u00e4tzen in Deutschland. [1]<\/p>\n\n\n\n<p>Bemerkenswert ist vor allem die politische Bewertung: Der Landesregierung sind&nbsp;<strong>weder rechtliche oder administrative H\u00fcrden<\/strong>&nbsp;noch sonstige&nbsp;<strong>Engp\u00e4sse oder Probleme<\/strong>&nbsp;bei grenz\u00fcberschreitenden Notfalleins\u00e4tzen und Krankentransporten mit \u201eChristoph Europa 1\u201c bekannt. [1] Das ist eine recht deutliche Aussage, weil sie zeigt, dass das Land derzeit jedenfalls&nbsp;<strong>keinen unmittelbaren Regelungsbedarf<\/strong>&nbsp;f\u00fcr die bestehende grenz\u00fcberschreitende Luftrettung sieht. [1]<\/p>\n\n\n\n<p>Bei der&nbsp;<strong>Nachtversorgung<\/strong>&nbsp;bleibt die Lage dagegen zur\u00fcckhaltender. Die Landesregierung verweist auf besondere fliegerische, materielle und medizintechnische Anforderungen der Nachtluftrettung und nennt den Runderlass vom 7. Dezember 2022. Danach sollen im Rahmen einer Pilotierung neben dem Intensivtransporthubschrauber in Greven auch die Standorte&nbsp;<strong>K\u00f6ln<\/strong>&nbsp;und&nbsp;<strong>Dortmund<\/strong>&nbsp;Nacht-Prim\u00e4r- und Sekund\u00e4reins\u00e4tze \u00fcbernehmen. [1] F\u00fcr eine Aufhebung oder Lockerung des Nachtflugverbots sieht das Land aktuell&nbsp;<strong>keinen Anlass<\/strong>; erst eine sp\u00e4tere Bedarfs\u00fcberpr\u00fcfung mit besserer Datengrundlage soll zeigen, ob weiterer Handlungsbedarf besteht. [1]<\/p>\n\n\n\n<p>Unterm Strich hei\u00dft das: Die grenz\u00fcberschreitende Luftrettung im Raum Aachen funktioniert aus Sicht der Landesregierung derzeit im bestehenden Rechtsrahmen. Die eigentliche offene Frage liegt weniger im Grenz\u00fcbertritt selbst als vielmehr in der k\u00fcnftigen&nbsp;<strong>strukturierten Nachtluftrettung<\/strong>&nbsp;und der belastbaren Datengrundlage f\u00fcr deren Ausbau. [1]<\/p>\n\n\n\n<p><strong><em>Fundstellen<\/em><\/strong>:<\/p>\n\n\n\n<p>[1] Landtag Nordrhein-Westfalen, Drucksache 18\/17839 vom 17.02.2026,&nbsp;<em>Antwort der Landesregierung auf die Kleine Anfrage 6980 vom 7. Januar 2026 des Abgeordneten Dr. Werner Pfeil FDP: Grenz\u00fcberschreitende medizinische Notfallversorgung in der St\u00e4dteRegion Aachen und Euregio Maas-Rhein \u2013 Nachtversorgung durch die Luftrettung \u201eChristoph Europa 1\u201c<\/em>.<\/p>\n","protected":false},"excerpt":{"rendered":"<p>Die Landesregierung Nordrhein-Westfalen beschreibt die Luftrettung ausdr\u00fccklich als&nbsp;Erg\u00e4nzung&nbsp;zur Bodenrettung. F\u00fcr grenz\u00fcberschreitende Eins\u00e4tze im Dreil\u00e4ndereck hei\u00dft das: Notf\u00e4lle auf belgischem oder niederl\u00e4ndischem Gebiet bleiben zun\u00e4chst Aufgabe des jeweiligen Staates; ein Einsatz aus Nordrhein-Westfalen erfolgt dann auf Anforderung der dort zust\u00e4ndigen Leitstelle. [1] F\u00fcr den in Aachen-Merzbr\u00fcck stationierten Rettungshubschrauber&nbsp;\u201eChristoph Europa 1\u201c&nbsp;meldet die Landesregierung f\u00fcr das Jahr 2025<\/p><\/div>\n<div class=\"blog-btn\"><a href=\"https:\/\/m-pet.de\/?p=11508\" class=\"home-blog-btn\">Weiterlesen<\/a><\/p>\n","protected":false},"author":1,"featured_media":0,"comment_status":"closed","ping_status":"open","sticky":false,"template":"","format":"standard","meta":{"footnotes":""},"categories":[6,5],"tags":[],"class_list":["post-11508","post","type-post","status-publish","format-standard","hentry","category-aktuelles-2","category-allgemeines"],"_links":{"self":[{"href":"https:\/\/m-pet.de\/index.php?rest_route=\/wp\/v2\/posts\/11508","targetHints":{"allow":["GET"]}}],"collection":[{"href":"https:\/\/m-pet.de\/index.php?rest_route=\/wp\/v2\/posts"}],"about":[{"href":"https:\/\/m-pet.de\/index.php?rest_route=\/wp\/v2\/types\/post"}],"author":[{"embeddable":true,"href":"https:\/\/m-pet.de\/index.php?rest_route=\/wp\/v2\/users\/1"}],"replies":[{"embeddable":true,"href":"https:\/\/m-pet.de\/index.php?rest_route=%2Fwp%2Fv2%2Fcomments&post=11508"}],"version-history":[{"count":0,"href":"https:\/\/m-pet.de\/index.php?rest_route=\/wp\/v2\/posts\/11508\/revisions"}],"wp:attachment":[{"href":"https:\/\/m-pet.de\/index.php?rest_route=%2Fwp%2Fv2%2Fmedia&parent=11508"}],"wp:term":[{"taxonomy":"category","embeddable":true,"href":"https:\/\/m-pet.de\/index.php?rest_route=%2Fwp%2Fv2%2Fcategories&post=11508"},{"taxonomy":"post_tag","embeddable":true,"href":"https:\/\/m-pet.de\/index.php?rest_route=%2Fwp%2Fv2%2Ftags&post=11508"}],"curies":[{"name":"wp","href":"https:\/\/api.w.org\/{rel}","templated":true}]}}